{"id":1001,"date":"2016-08-14T19:37:48","date_gmt":"2016-08-14T18:37:48","guid":{"rendered":"http:\/\/www.gipsypigs.com\/?p=1001"},"modified":"2016-08-14T19:38:36","modified_gmt":"2016-08-14T18:38:36","slug":"fete-communale-cambrai-15-aout-2016","status":"publish","type":"post","link":"https:\/\/www.gipsypigs.com\/?p=1001","title":{"rendered":"F\u00caTE COMMUNALE &#8211; CAMBRAI &#8211; 15 ao\u00fbt 2016"},"content":{"rendered":"<p>Place Aristide Briand, \u00e0 partir de 14h45 &#8211; photo : Pascale Denoyelle<\/p>\n<p><a href=\"http:\/\/www.villedecambrai.com\/toute-lactualite\/agenda\/detail-de-levenement.html?tx_cal_controller%5Bview%5D=event&amp;tx_cal_controller%5Btype%5D=tx_cal_phpicalendar&amp;tx_cal_controller%5Buid%5D=1447&amp;tx_cal_controller%5Blastview%5D=view-list%7Cpage_id-303&amp;tx_cal_controller%5Byear%5D=2016&amp;tx_cal_controller%5Bmonth%5D=08&amp;tx_cal_controller%5Bday%5D=12&amp;cHash=1620fb1bc70b7b3c359a0d18280a69e6\">http:\/\/www.villedecambrai.com\/toute-lactualite\/agenda\/detail-de-levenement.html?tx_cal_controller%5Bview%5D=event&amp;tx_cal_controller%5Btype%5D=tx_cal_phpicalendar&amp;tx_cal_controller%5Buid%5D=1447&amp;tx_cal_controller%5Blastview%5D=view-list%7Cpage_id-303&amp;tx_cal_controller%5Byear%5D=2016&amp;tx_cal_controller%5Bmonth%5D=08&amp;tx_cal_controller%5Bday%5D=12&amp;cHash=1620fb1bc70b7b3c359a0d18280a69e6<\/a><\/p>\n","protected":false},"excerpt":{"rendered":"<p>Place Aristide Briand, \u00e0 partir de 14h45 &#8211; photo : Pascale Denoyelle http:\/\/www.villedecambrai.com\/toute-lactualite\/agenda\/detail-de-levenement.html?tx_cal_controller%5Bview%5D=event&amp;tx_cal_controller%5Btype%5D=tx_cal_phpicalendar&amp;tx_cal_controller%5Buid%5D=1447&amp;tx_cal_controller%5Blastview%5D=view-list%7Cpage_id-303&amp;tx_cal_controller%5Byear%5D=2016&amp;tx_cal_controller%5Bmonth%5D=08&amp;tx_cal_controller%5Bday%5D=12&amp;cHash=1620fb1bc70b7b3c359a0d18280a69e6<\/p>\n","protected":false},"author":1,"featured_media":1002,"comment_status":"closed","ping_status":"closed","sticky":false,"template":"","format":"standard","meta":[],"categories":[1],"tags":[],"_links":{"self":[{"href":"https:\/\/www.gipsypigs.com\/index.php?rest_route=\/wp\/v2\/posts\/1001"}],"collection":[{"href":"https:\/\/www.gipsypigs.com\/index.php?rest_route=\/wp\/v2\/posts"}],"about":[{"href":"https:\/\/www.gipsypigs.com\/index.php?rest_route=\/wp\/v2\/types\/post"}],"author":[{"embeddable":true,"href":"https:\/\/www.gipsypigs.com\/index.php?rest_route=\/wp\/v2\/users\/1"}],"replies":[{"embeddable":true,"href":"https:\/\/www.gipsypigs.com\/index.php?rest_route=%2Fwp%2Fv2%2Fcomments&post=1001"}],"version-history":[{"count":2,"href":"https:\/\/www.gipsypigs.com\/index.php?rest_route=\/wp\/v2\/posts\/1001\/revisions"}],"predecessor-version":[{"id":1004,"href":"https:\/\/www.gipsypigs.com\/index.php?rest_route=\/wp\/v2\/posts\/1001\/revisions\/1004"}],"wp:featuredmedia":[{"embeddable":true,"href":"https:\/\/www.gipsypigs.com\/index.php?rest_route=\/wp\/v2\/media\/1002"}],"wp:attachment":[{"href":"https:\/\/www.gipsypigs.com\/index.php?rest_route=%2Fwp%2Fv2%2Fmedia&parent=1001"}],"wp:term":[{"taxonomy":"category","embeddable":true,"href":"https:\/\/www.gipsypigs.com\/index.php?rest_route=%2Fwp%2Fv2%2Fcategories&post=1001"},{"taxonomy":"post_tag","embeddable":true,"href":"https:\/\/www.gipsypigs.com\/index.php?rest_route=%2Fwp%2Fv2%2Ftags&post=1001"}],"curies":[{"name":"wp","href":"https:\/\/api.w.org\/{rel}","templated":true}]}}